{"id":461,"date":"2010-09-04T06:13:00","date_gmt":"2010-09-04T06:13:00","guid":{"rendered":"https:\/\/fatp.fr\/?p=461"},"modified":"2024-09-04T06:36:52","modified_gmt":"2024-09-04T06:36:52","slug":"bleu-blanc-vert","status":"publish","type":"post","link":"https:\/\/fatp.fr\/index.php\/2010\/09\/04\/bleu-blanc-vert\/","title":{"rendered":"BLEU BLANC VERT"},"content":{"rendered":"<p>[et_pb_section fb_built=\u00a0\u00bb1&Prime; _builder_version=\u00a0\u00bb4.20.4&Prime; _module_preset=\u00a0\u00bbdefault\u00a0\u00bb background_color=\u00a0\u00bb#F57F11&Prime; background_image=\u00a0\u00bbhttps:\/\/fatp.fr\/wp-content\/uploads\/2023\/04\/Fond-menu.jpg\u00a0\u00bb background_enable_image=\u00a0\u00bboff\u00a0\u00bb background_position=\u00a0\u00bbcenter_right\u00a0\u00bb custom_padding=\u00a0\u00bb30px||28px|||\u00a0\u00bb background_color_tablet=\u00a0\u00bb#FFFFFF\u00a0\u00bb background_color_phone=\u00a0\u00bb#FFFFFF\u00a0\u00bb background_last_edited=\u00a0\u00bbon|desktop\u00a0\u00bb background_enable_color_tablet=\u00a0\u00bbon\u00a0\u00bb background_enable_color_phone=\u00a0\u00bbon\u00a0\u00bb global_module=\u00a0\u00bb128&Prime; global_colors_info=\u00a0\u00bb{}\u00a0\u00bb][et_pb_row _builder_version=\u00a0\u00bb4.20.4&Prime; _module_preset=\u00a0\u00bbdefault\u00a0\u00bb custom_padding=\u00a0\u00bb30px||10px|||\u00a0\u00bb global_colors_info=\u00a0\u00bb{}\u00a0\u00bb][et_pb_column type=\u00a0\u00bb4_4&Prime; _builder_version=\u00a0\u00bb4.20.4&Prime; _module_preset=\u00a0\u00bbdefault\u00a0\u00bb global_colors_info=\u00a0\u00bb{}\u00a0\u00bb][et_pb_post_title meta=\u00a0\u00bboff\u00a0\u00bb featured_image=\u00a0\u00bboff\u00a0\u00bb _builder_version=\u00a0\u00bb4.20.4&Prime; _module_preset=\u00a0\u00bbdefault\u00a0\u00bb title_font=\u00a0\u00bb|700|||||||\u00a0\u00bb title_text_color=\u00a0\u00bb#9C1006&Prime; text_orientation=\u00a0\u00bbcenter\u00a0\u00bb custom_margin=\u00a0\u00bb0px||||false|false\u00a0\u00bb custom_margin_tablet=\u00a0\u00bb3vh||||false|false\u00a0\u00bb custom_margin_phone=\u00a0\u00bb\u00a0\u00bb custom_margin_last_edited=\u00a0\u00bbon|desktop\u00a0\u00bb custom_padding_tablet=\u00a0\u00bb\u00a0\u00bb custom_padding_phone=\u00a0\u00bb\u00a0\u00bb custom_padding_last_edited=\u00a0\u00bbon|tablet\u00a0\u00bb global_colors_info=\u00a0\u00bb{}\u00a0\u00bb][\/et_pb_post_title][\/et_pb_column][\/et_pb_row][\/et_pb_section][et_pb_section fb_built=\u00a0\u00bb1&Prime; _builder_version=\u00a0\u00bb4.20.4&Prime; _module_preset=\u00a0\u00bbdefault\u00a0\u00bb global_colors_info=\u00a0\u00bb{}\u00a0\u00bb][et_pb_row column_structure=\u00a0\u00bb1_2,1_2&Prime; _builder_version=\u00a0\u00bb4.20.4&Prime; _module_preset=\u00a0\u00bbdefault\u00a0\u00bb global_colors_info=\u00a0\u00bb{}\u00a0\u00bb][et_pb_column type=\u00a0\u00bb1_2&Prime; _builder_version=\u00a0\u00bb4.20.4&Prime; _module_preset=\u00a0\u00bbdefault\u00a0\u00bb global_colors_info=\u00a0\u00bb{}\u00a0\u00bb][et_pb_text _builder_version=\u00a0\u00bb4.20.4&Prime; _module_preset=\u00a0\u00bbdefault\u00a0\u00bb text_text_color=\u00a0\u00bb#000000&Prime; header_2_text_color=\u00a0\u00bb#9C1006&Prime; global_colors_info=\u00a0\u00bb{}\u00a0\u00bb]<\/p>\n<h2>BLEU BLANC VERT<\/h2>\n<p>[\/et_pb_text][et_pb_text _builder_version=\u00a0\u00bb4.20.4&Prime; _module_preset=\u00a0\u00bbdefault\u00a0\u00bb header_3_text_color=\u00a0\u00bb#A3C2E3&Prime; global_colors_info=\u00a0\u00bb{}\u00a0\u00bb]<\/p>\n<h3>Compagnie El Ajouad<\/h3>\n<p>[\/et_pb_text][et_pb_text _builder_version=\u00a0\u00bb4.20.4&Prime; _module_preset=\u00a0\u00bbdefault\u00a0\u00bb global_colors_info=\u00a0\u00bb{}\u00a0\u00bb]<\/p>\n<p><strong>Autrice\u00a0: <\/strong>Ma\u00efssa \u00a0Bey<\/p>\n<p><strong>Adaptation\u00a0: <\/strong>Christophe Martin<\/p>\n<p><strong>Mise en sc\u00e8ne\u00a0<\/strong>: \u00a0Kheireddine Lardjam<\/p>\n<p><strong>Distribution : <\/strong><span>\u00a0<\/span>Malika Belbey, Samir El Hakim, Larbi Bestam<\/p>\n<p><strong>Musique<\/strong> : Larbi Bastam<\/p>\n<p><strong>Sc\u00e9nographie<\/strong> : Emilie Cauwet<\/p>\n<p><strong>Chor\u00e9graphie<\/strong> : Fr\u00e9d\u00e9ric Cell\u00e9<\/p>\n<p><strong>Cr\u00e9ation lumi\u00e8res<\/strong> : Pauline Guyonnet<\/p>\n<p><strong>Cr\u00e9ation son<\/strong> : Adrien Wernert<\/p>\n<p><strong>R\u00e9gie g\u00e9n\u00e9rale<\/strong>\u00a0: Kada Chalabi<\/p>\n<p>[\/et_pb_text][et_pb_text _builder_version=\u00a0\u00bb4.20.4&Prime; _module_preset=\u00a0\u00bbdefault\u00a0\u00bb global_colors_info=\u00a0\u00bb{}\u00a0\u00bb]<\/p>\n<p><strong>Th\u00e9\u00e2tre<\/strong><\/p>\n<p>Ma\u00efssa Bey tisse \u00e0 travers ce nouveau roman une aventure \u00e0 la fois commune &#8211; les deux personnages ont le m\u00eame \u00e2ge, habitent le m\u00eame lieu &#8211; et tout \u00e0 fait diff\u00e9rente : l&rsquo;un est un jeune homme, l&rsquo;autre une jeune femme, l&rsquo;un devra se battre, l&rsquo;autre, maintenir la continuit\u00e9&#8230; <br \/>Au-del\u00e0 de se qui \u00e9treint et bouleverse ces deux personnages, dans le prisme de leurs destin\u00e9es, Ma\u00efssa Bey observe, note, analyse le poids de la tradition, les dysfonctionnements de la soci\u00e9t\u00e9, sous l\u2019angle du quotidien. <br \/>Avec ironie et amertume, elle d\u00e9ploie la grande toile de fond des r\u00eaves de tout un peuple, jusqu\u2019au point o\u00f9 ils seront fracass\u00e9s et engloutis.<\/p>\n<p>[\/et_pb_text][et_pb_button button_url=\u00a0\u00bbhttps:\/\/www.theatre-contemporain.net\/spectacles\/Bleu-blanc-vert\/?path=spectacles\/Bleu-blanc-vert%20&Prime; url_new_window=\u00a0\u00bbon\u00a0\u00bb button_text=\u00a0\u00bbVisiter le site de la Compagnie\u00a0\u00bb _builder_version=\u00a0\u00bb4.20.4&Prime; _module_preset=\u00a0\u00bbdefault\u00a0\u00bb custom_button=\u00a0\u00bbon\u00a0\u00bb button_text_size=\u00a0\u00bb16px\u00a0\u00bb button_text_color=\u00a0\u00bb#F57F11&Prime; button_text_size_tablet=\u00a0\u00bb14px\u00a0\u00bb button_text_size_phone=\u00a0\u00bb14px\u00a0\u00bb button_text_size_last_edited=\u00a0\u00bbon|desktop\u00a0\u00bb global_colors_info=\u00a0\u00bb{}\u00a0\u00bb][\/et_pb_button][\/et_pb_column][et_pb_column type=\u00a0\u00bb1_2&Prime; _builder_version=\u00a0\u00bb4.20.4&Prime; _module_preset=\u00a0\u00bbdefault\u00a0\u00bb global_colors_info=\u00a0\u00bb{}\u00a0\u00bb][et_pb_image src=\u00a0\u00bbhttps:\/\/fatp.fr\/wp-content\/uploads\/2010\/09\/BLEU-BLANC-VERT.jpg\u00a0\u00bb title_text=\u00a0\u00bbBLEU BLANC VERT\u00a0\u00bb _builder_version=\u00a0\u00bb4.20.4&Prime; _module_preset=\u00a0\u00bbdefault\u00a0\u00bb hover_enabled=\u00a0\u00bb0&Prime; global_colors_info=\u00a0\u00bb{}\u00a0\u00bb sticky_enabled=\u00a0\u00bb0&Prime;][\/et_pb_image][\/et_pb_column][\/et_pb_row][et_pb_row disabled_on=\u00a0\u00bbon|on|on\u00a0\u00bb _builder_version=\u00a0\u00bb4.20.4&Prime; _module_preset=\u00a0\u00bbdefault\u00a0\u00bb disabled=\u00a0\u00bbon\u00a0\u00bb global_colors_info=\u00a0\u00bb{}\u00a0\u00bb][et_pb_column type=\u00a0\u00bb4_4&Prime; _builder_version=\u00a0\u00bb4.20.4&Prime; _module_preset=\u00a0\u00bbdefault\u00a0\u00bb global_colors_info=\u00a0\u00bb{}\u00a0\u00bb][et_pb_gallery gallery_ids=\u00a0\u00bb238,239&Prime; show_title_and_caption=\u00a0\u00bboff\u00a0\u00bb show_pagination=\u00a0\u00bboff\u00a0\u00bb _builder_version=\u00a0\u00bb4.20.4&Prime; _module_preset=\u00a0\u00bbdefault\u00a0\u00bb global_colors_info=\u00a0\u00bb{}\u00a0\u00bb][\/et_pb_gallery][\/et_pb_column][\/et_pb_row][\/et_pb_section]<\/p>\n","protected":false},"excerpt":{"rendered":"<p>2009 &#8211; 2010<br \/>\nde Ma\u00efssa  Bey &#8211; Compagnie El Ajouad<\/p>\n","protected":false},"author":1,"featured_media":485,"comment_status":"closed","ping_status":"closed","sticky":false,"template":"","format":"standard","meta":{"_et_pb_use_builder":"on","_et_pb_old_content":"","_et_gb_content_width":"2880","footnotes":""},"categories":[9],"tags":[],"class_list":["post-461","post","type-post","status-publish","format-standard","has-post-thumbnail","hentry","category-coproductions"],"_links":{"self":[{"href":"https:\/\/fatp.fr\/index.php\/wp-json\/wp\/v2\/posts\/461","targetHints":{"allow":["GET"]}}],"collection":[{"href":"https:\/\/fatp.fr\/index.php\/wp-json\/wp\/v2\/posts"}],"about":[{"href":"https:\/\/fatp.fr\/index.php\/wp-json\/wp\/v2\/types\/post"}],"author":[{"embeddable":true,"href":"https:\/\/fatp.fr\/index.php\/wp-json\/wp\/v2\/users\/1"}],"replies":[{"embeddable":true,"href":"https:\/\/fatp.fr\/index.php\/wp-json\/wp\/v2\/comments?post=461"}],"version-history":[{"count":4,"href":"https:\/\/fatp.fr\/index.php\/wp-json\/wp\/v2\/posts\/461\/revisions"}],"predecessor-version":[{"id":486,"href":"https:\/\/fatp.fr\/index.php\/wp-json\/wp\/v2\/posts\/461\/revisions\/486"}],"wp:featuredmedia":[{"embeddable":true,"href":"https:\/\/fatp.fr\/index.php\/wp-json\/wp\/v2\/media\/485"}],"wp:attachment":[{"href":"https:\/\/fatp.fr\/index.php\/wp-json\/wp\/v2\/media?parent=461"}],"wp:term":[{"taxonomy":"category","embeddable":true,"href":"https:\/\/fatp.fr\/index.php\/wp-json\/wp\/v2\/categories?post=461"},{"taxonomy":"post_tag","embeddable":true,"href":"https:\/\/fatp.fr\/index.php\/wp-json\/wp\/v2\/tags?post=461"}],"curies":[{"name":"wp","href":"https:\/\/api.w.org\/{rel}","templated":true}]}}