{"id":196,"date":"2023-06-21T08:24:34","date_gmt":"2023-06-21T08:24:34","guid":{"rendered":"https:\/\/fatp.web-carcassonne.com\/?p=196"},"modified":"2024-09-04T07:18:39","modified_gmt":"2024-09-04T07:18:39","slug":"racine-de-trois","status":"publish","type":"post","link":"https:\/\/fatp.fr\/index.php\/2023\/06\/21\/racine-de-trois\/","title":{"rendered":"RACINE DE TROIS"},"content":{"rendered":"<p>[et_pb_section fb_built=\u00a0\u00bb1&Prime; _builder_version=\u00a0\u00bb4.20.4&Prime; _module_preset=\u00a0\u00bbdefault\u00a0\u00bb background_color=\u00a0\u00bb#F57F11&Prime; background_image=\u00a0\u00bbhttps:\/\/fatp.fr\/wp-content\/uploads\/2023\/04\/Fond-menu.jpg\u00a0\u00bb background_enable_image=\u00a0\u00bboff\u00a0\u00bb background_position=\u00a0\u00bbcenter_right\u00a0\u00bb custom_padding=\u00a0\u00bb30px||28px|||\u00a0\u00bb background_color_tablet=\u00a0\u00bb#FFFFFF\u00a0\u00bb background_color_phone=\u00a0\u00bb#FFFFFF\u00a0\u00bb background_last_edited=\u00a0\u00bbon|desktop\u00a0\u00bb background_enable_color_tablet=\u00a0\u00bbon\u00a0\u00bb background_enable_color_phone=\u00a0\u00bbon\u00a0\u00bb global_module=\u00a0\u00bb128&Prime; global_colors_info=\u00a0\u00bb{}\u00a0\u00bb][et_pb_row _builder_version=\u00a0\u00bb4.20.4&Prime; _module_preset=\u00a0\u00bbdefault\u00a0\u00bb custom_padding=\u00a0\u00bb30px||10px|||\u00a0\u00bb global_colors_info=\u00a0\u00bb{}\u00a0\u00bb][et_pb_column type=\u00a0\u00bb4_4&Prime; _builder_version=\u00a0\u00bb4.20.4&Prime; _module_preset=\u00a0\u00bbdefault\u00a0\u00bb global_colors_info=\u00a0\u00bb{}\u00a0\u00bb][et_pb_post_title meta=\u00a0\u00bboff\u00a0\u00bb featured_image=\u00a0\u00bboff\u00a0\u00bb _builder_version=\u00a0\u00bb4.20.4&Prime; _module_preset=\u00a0\u00bbdefault\u00a0\u00bb title_font=\u00a0\u00bb|700|||||||\u00a0\u00bb title_text_color=\u00a0\u00bb#9C1006&Prime; text_orientation=\u00a0\u00bbcenter\u00a0\u00bb custom_margin=\u00a0\u00bb0px||||false|false\u00a0\u00bb custom_margin_tablet=\u00a0\u00bb3vh||||false|false\u00a0\u00bb custom_margin_phone=\u00a0\u00bb\u00a0\u00bb custom_margin_last_edited=\u00a0\u00bbon|desktop\u00a0\u00bb custom_padding_tablet=\u00a0\u00bb\u00a0\u00bb custom_padding_phone=\u00a0\u00bb\u00a0\u00bb custom_padding_last_edited=\u00a0\u00bbon|tablet\u00a0\u00bb global_colors_info=\u00a0\u00bb{}\u00a0\u00bb][\/et_pb_post_title][\/et_pb_column][\/et_pb_row][\/et_pb_section][et_pb_section fb_built=\u00a0\u00bb1&Prime; _builder_version=\u00a0\u00bb4.20.4&Prime; _module_preset=\u00a0\u00bbdefault\u00a0\u00bb global_colors_info=\u00a0\u00bb{}\u00a0\u00bb][et_pb_row column_structure=\u00a0\u00bb1_2,1_2&Prime; _builder_version=\u00a0\u00bb4.20.4&Prime; _module_preset=\u00a0\u00bbdefault\u00a0\u00bb global_colors_info=\u00a0\u00bb{}\u00a0\u00bb][et_pb_column type=\u00a0\u00bb1_2&Prime; _builder_version=\u00a0\u00bb4.20.4&Prime; _module_preset=\u00a0\u00bbdefault\u00a0\u00bb global_colors_info=\u00a0\u00bb{}\u00a0\u00bb][et_pb_text _builder_version=\u00a0\u00bb4.20.4&Prime; _module_preset=\u00a0\u00bbdefault\u00a0\u00bb text_text_color=\u00a0\u00bb#000000&Prime; header_2_text_color=\u00a0\u00bb#9C1006&Prime; global_colors_info=\u00a0\u00bb{}\u00a0\u00bb]<\/p>\n<h2><strong>RACINE DE TROIS<\/strong><\/h2>\n<p>[\/et_pb_text][et_pb_text _builder_version=\u00a0\u00bb4.20.4&Prime; _module_preset=\u00a0\u00bbdefault\u00a0\u00bb header_3_text_color=\u00a0\u00bb#A3C2E3&Prime; global_colors_info=\u00a0\u00bb{}\u00a0\u00bb]<\/p>\n<h3>Pi\u00e8ce laur\u00e9ate de l\u2019aide \u00e0 la cr\u00e9ation Artcena 2020.<\/h3>\n<p>[\/et_pb_text][et_pb_text _builder_version=\u00a0\u00bb4.20.4&Prime; _module_preset=\u00a0\u00bbdefault\u00a0\u00bb global_colors_info=\u00a0\u00bb{}\u00a0\u00bb]<\/p>\n<p><strong>Auteur<\/strong>\u00a0: Pierre Margot<\/p>\n<p><strong>Interpr\u00e9tation<\/strong>\u00a0: Henri Courseaux, Denis D&rsquo;Arcangelo, Philippe Catoire<\/p>\n<p><strong>Mise en sc\u00e8ne<\/strong>\u00a0: Antoine Marneur<\/p>\n<p><strong>Sc\u00e9nographie et cr\u00e9ation costumes<\/strong>\u00a0: Garance Marneur<\/p>\n<p><strong>Cr\u00e9ation Lumi\u00e8res<\/strong>\u00a0: Laurent Beal<\/p>\n<p><strong>Musique et Bande-son<\/strong>\u00a0: Nathalie Miravette<\/p>\n<p><strong>Assistant<\/strong>\u00a0: Francis Ressort<\/p>\n<p>[\/et_pb_text][et_pb_text _builder_version=\u00a0\u00bb4.20.4&Prime; _module_preset=\u00a0\u00bbdefault\u00a0\u00bb hover_enabled=\u00a0\u00bb0&Prime; global_colors_info=\u00a0\u00bb{}\u00a0\u00bb text_orientation=\u00a0\u00bbjustified\u00a0\u00bb sticky_enabled=\u00a0\u00bb0&Prime;]<\/p>\n<p style=\"text-align: justify;\"><strong>Com\u00e9die de science-fiction arboricole<br \/><\/strong>Sans queue ni montre.<br \/>Surtout sans montre.<br \/>Quoique\u2026<\/p>\n<p style=\"text-align: justify;\">Trois hommes, Croupier, Paname et Mimosa observent un monde en mutation. Les th\u00e9ories sur le temps, les profondeurs du langage, le d\u00e9r\u00e8glement de la nature, la perdition dans l\u2019espace, la signification du pouvoir s\u2019imposent \u00e0 eux comme autant de questions et d\u2019incompr\u00e9hensions.<\/p>\n<p>Sous-tendus par un instinct de survie atavique, ils d\u00e9battent sans filtre, cr\u00fbment de cet univers dont tous les contours \u00e9chappent \u00e0 leur discernement. De doutes en questions, de r\u00e9ponses \u00e9vasives en affirmations incertaines, une soif de destin\u00e9e s\u2019impose.<\/p>\n<p>Dans cette abyssale perte de rep\u00e8res, leur chemin de r\u00e9demption les pousse \u00e0 emprunter une voie inexplor\u00e9e, celle du retour aux sources. Ils rejoignent la seule certitude qui les habite, celle d\u2019appartenir \u00e0 la terre nourrici\u00e8re. Apr\u00e8s une longue et \u00e9puisante travers\u00e9e, ils s\u2019enfoncent dans une clairi\u00e8re paisible et se transforment en arbre.<\/p>\n<p>Avec leurs aspirations existentielles, leurs r\u00eaves mais aussi leurs doutes, leurs peurs et leurs angoisses, les personnages de Racine de trois s\u2019interrogent, scrutent l\u2019instant et se d\u00e9battent hors du temps dans un environnement parfois imp\u00e9tueux.<\/p>\n<p>L\u2019horloge n\u2019a pas de chiffre et fonctionne \u00e0 l\u2019envers, Mimosa parle la langue des chats. Les rep\u00e8res changent, les sens se brouillent et les questions restent en suspens. Et si, au bout du bout, il n\u2019y avait qu\u2019une simple voie \u00e0 explorer pour retrouver nos racines ? Ne formons-nous pas un tout ?<\/p>\n<p>[\/et_pb_text][et_pb_button button_url=\u00a0\u00bbhttps:\/\/www.racinedetrois.fr\/\u00a0\u00bb url_new_window=\u00a0\u00bbon\u00a0\u00bb button_text=\u00a0\u00bbVisiter le site de la Compagnie\u00a0\u00bb _builder_version=\u00a0\u00bb4.20.4&Prime; _module_preset=\u00a0\u00bbdefault\u00a0\u00bb custom_button=\u00a0\u00bbon\u00a0\u00bb button_text_size=\u00a0\u00bb16px\u00a0\u00bb button_text_color=\u00a0\u00bb#F57F11&Prime; button_text_size_tablet=\u00a0\u00bb14px\u00a0\u00bb button_text_size_phone=\u00a0\u00bb14px\u00a0\u00bb button_text_size_last_edited=\u00a0\u00bbon|desktop\u00a0\u00bb global_colors_info=\u00a0\u00bb{}\u00a0\u00bb][\/et_pb_button][\/et_pb_column][et_pb_column type=\u00a0\u00bb1_2&Prime; _builder_version=\u00a0\u00bb4.20.4&Prime; _module_preset=\u00a0\u00bbdefault\u00a0\u00bb global_colors_info=\u00a0\u00bb{}\u00a0\u00bb][et_pb_image src=\u00a0\u00bbhttps:\/\/fatp.fr\/wp-content\/uploads\/2023\/06\/visuel-comediens-Racine-de-3-500-500.jpg\u00a0\u00bb title_text=\u00a0\u00bbvisuel-come\u0301diens-Racine-de-3-500-500&Prime; _builder_version=\u00a0\u00bb4.20.4&Prime; _module_preset=\u00a0\u00bbdefault\u00a0\u00bb global_colors_info=\u00a0\u00bb{}\u00a0\u00bb][\/et_pb_image][\/et_pb_column][\/et_pb_row][\/et_pb_section]<\/p>\n","protected":false},"excerpt":{"rendered":"<p>2022 &#8211; 2023<\/p>\n<p>de Pierre Margot, mise en sc\u00e8ne de Antoine Marneur -Th\u00e9\u00e2tre du D\u00e9tour \u2013 En cours de cr\u00e9ation<\/p>\n","protected":false},"author":1,"featured_media":197,"comment_status":"closed","ping_status":"closed","sticky":false,"template":"","format":"standard","meta":{"_et_pb_use_builder":"on","_et_pb_old_content":"","_et_gb_content_width":"2880","footnotes":""},"categories":[9],"tags":[],"class_list":["post-196","post","type-post","status-publish","format-standard","has-post-thumbnail","hentry","category-coproductions"],"_links":{"self":[{"href":"https:\/\/fatp.fr\/index.php\/wp-json\/wp\/v2\/posts\/196","targetHints":{"allow":["GET"]}}],"collection":[{"href":"https:\/\/fatp.fr\/index.php\/wp-json\/wp\/v2\/posts"}],"about":[{"href":"https:\/\/fatp.fr\/index.php\/wp-json\/wp\/v2\/types\/post"}],"author":[{"embeddable":true,"href":"https:\/\/fatp.fr\/index.php\/wp-json\/wp\/v2\/users\/1"}],"replies":[{"embeddable":true,"href":"https:\/\/fatp.fr\/index.php\/wp-json\/wp\/v2\/comments?post=196"}],"version-history":[{"count":9,"href":"https:\/\/fatp.fr\/index.php\/wp-json\/wp\/v2\/posts\/196\/revisions"}],"predecessor-version":[{"id":512,"href":"https:\/\/fatp.fr\/index.php\/wp-json\/wp\/v2\/posts\/196\/revisions\/512"}],"wp:featuredmedia":[{"embeddable":true,"href":"https:\/\/fatp.fr\/index.php\/wp-json\/wp\/v2\/media\/197"}],"wp:attachment":[{"href":"https:\/\/fatp.fr\/index.php\/wp-json\/wp\/v2\/media?parent=196"}],"wp:term":[{"taxonomy":"category","embeddable":true,"href":"https:\/\/fatp.fr\/index.php\/wp-json\/wp\/v2\/categories?post=196"},{"taxonomy":"post_tag","embeddable":true,"href":"https:\/\/fatp.fr\/index.php\/wp-json\/wp\/v2\/tags?post=196"}],"curies":[{"name":"wp","href":"https:\/\/api.w.org\/{rel}","templated":true}]}}